{"id":7543,"date":"2021-12-21T10:00:59","date_gmt":"2021-12-21T09:00:59","guid":{"rendered":"https:\/\/www.etbloom.fr\/?p=7543"},"modified":"2021-12-21T12:18:18","modified_gmt":"2021-12-21T11:18:18","slug":"article-7","status":"publish","type":"post","link":"https:\/\/www.etbloom.fr\/?p=7543","title":{"rendered":"Et \u00e7a, \u00e7a me touche"},"content":{"rendered":"\t\t<div data-elementor-type=\"wp-post\" data-elementor-id=\"7543\" class=\"elementor elementor-7543\">\n\t\t\t\t\t\t<section class=\"elementor-section elementor-top-section elementor-element elementor-element-16d8e9f0 elementor-section-boxed elementor-section-height-default elementor-section-height-default\" data-id=\"16d8e9f0\" data-element_type=\"section\" data-e-type=\"section\">\n\t\t\t\t\t\t<div class=\"elementor-container elementor-column-gap-default\">\n\t\t\t\t\t<div class=\"elementor-column elementor-col-100 elementor-top-column elementor-element elementor-element-2256d9e7\" data-id=\"2256d9e7\" data-element_type=\"column\" data-e-type=\"column\">\n\t\t\t<div class=\"elementor-widget-wrap elementor-element-populated\">\n\t\t\t\t\t\t<div class=\"elementor-element elementor-element-7f65d5c5 elementor-widget elementor-widget-text-editor\" data-id=\"7f65d5c5\" data-element_type=\"widget\" data-e-type=\"widget\" data-widget_type=\"text-editor.default\">\n\t\t\t\t<div class=\"elementor-widget-container\">\n\t\t\t\t\t\t\t\t\t<p>Faible.<\/p>\n<p>Archi-Faible.<\/p>\n<p>Il parait que je le suis, physiquement du moins. Lors d\u2019un d\u00e9m\u00e9nagement, je fais souvent office de bloc-porte.<\/p>\n<p>Je suis aussi sensible, archi-sensible.<\/p>\n<p>J\u2019ai la larme facile.<\/p>\n<p>Pour preuve, j\u2019ai vers\u00e9 une larme pendant le g\u00e9n\u00e9rique de d\u00e9but du dernier Marvel car les Avengers m\u2019avaient manqu\u00e9.<\/p>\n<p>Un proche m\u2019a r\u00e9cemment fait cette remarque&nbsp;: \u00ab&nbsp;Mais pourquoi tu pleures, c\u2019est pas triste&nbsp;!&nbsp;\u00bb<\/p>\n<p>Non, c\u2019est pas triste, mais les Indes galantes by Cl\u00e9ment Cogitore, \u00e7a me bouleverse.<\/p>\n<p><\/p>\n<p>Lorsqu\u2019une \u0153uvre me touche, que ce soit par des coups de pinceaux imp\u00e9tueux ou par des mots qui r\u00e9sonnent justes, j\u2019aime explorer en profondeur l\u2019histoire de l\u2019artiste, ce qui l\u2019a inspir\u00e9, s\u2019il a r\u00e9ussi \u00e0 projeter hors de lui ces \u00e9motions qui lui \u00e9taient impossible de contenir \u00e0 l\u2019int\u00e9rieur.<\/p>\n<p><\/p>\n<p>Les \u00e9motions encore, th\u00e9matique qui me passionne, ce qu\u2019elles racontent de nous, je vous partage ce qui me touche.<\/p>\n<p><\/p>\n<p>Je vous parlais des <a href=\"https:\/\/www.youtube.com\/watch?v=9h9HP-VOJv4\"><u><i>Indes Galantes de Cl\u00e9ment Cogitore<\/i><\/u><\/a>. La puissance qui se d\u00e9gage de chaque note de l\u2019entr\u00e9e \u00ab&nbsp;Les Sauvages&nbsp;\u00bb, la violence contenue dans la chor\u00e9graphie, le krump qui m\u2019a toujours \u00e9mu. Ce n\u2019est pas triste, c\u2019est l\u2019expression de la col\u00e8re par le corps, par la danse. C\u2019est ce besoin irr\u00e9pressible de laisser \u00e9clater un ressenti int\u00e9rieur, pas par les mots, car ils ne sont pas assez forts pour d\u00e9crire cette rage. Comme lorsque l\u2019on ne trouve plus les mots pour exprimer une col\u00e8re ou une frustration, et qu\u2019un \u00ab&nbsp;AHHH&nbsp;\u00bb peut parfois \u00eatre un soulagement. C\u2019est la rencontre de deux mondes que tout oppose, le respect et l\u2019admiration mutuels des artistes, ceux qui s\u2019expriment par le corps et ceux qui s\u2019expriment par la voix.<\/p>\n<p>Et \u00e7a, \u00e7a me touche.<\/p>\t\t\t\t\t\t\t\t<\/div>\n\t\t\t\t<\/div>\n\t\t\t\t\t<\/div>\n\t\t<\/div>\n\t\t\t\t\t<\/div>\n\t\t<\/section>\n\t\t\t\t<\/div>\n\t\t","protected":false},"excerpt":{"rendered":"<p>Faible. Archi-Faible. Il parait que je le suis, physiquement du moins. Lors d\u2019un d\u00e9m\u00e9nagement, je fais souvent office de bloc-porte. Je suis aussi sensible, archi-sensible. J\u2019ai la larme facile. Pour preuve, j\u2019ai vers\u00e9 une larme pendant le g\u00e9n\u00e9rique de d\u00e9but du dernier Marvel car les Avengers m\u2019avaient manqu\u00e9. Un proche m\u2019a r\u00e9cemment fait cette remarque&nbsp;: &hellip;<\/p>\n<p class=\"read-more\"> <a class=\"\" href=\"https:\/\/www.etbloom.fr\/?p=7543\"> <span class=\"screen-reader-text\">Et \u00e7a, \u00e7a me touche<\/span> Lire la suite\u00a0\u00bb<\/a><\/p>\n","protected":false},"author":1,"featured_media":7549,"comment_status":"open","ping_status":"open","sticky":false,"template":"elementor_theme","format":"standard","meta":{"footnotes":""},"categories":[14],"tags":[22],"class_list":["post-7543","post","type-post","status-publish","format-standard","has-post-thumbnail","hentry","category-evolution","tag-emotions"],"_links":{"self":[{"href":"https:\/\/www.etbloom.fr\/index.php?rest_route=\/wp\/v2\/posts\/7543","targetHints":{"allow":["GET"]}}],"collection":[{"href":"https:\/\/www.etbloom.fr\/index.php?rest_route=\/wp\/v2\/posts"}],"about":[{"href":"https:\/\/www.etbloom.fr\/index.php?rest_route=\/wp\/v2\/types\/post"}],"author":[{"embeddable":true,"href":"https:\/\/www.etbloom.fr\/index.php?rest_route=\/wp\/v2\/users\/1"}],"replies":[{"embeddable":true,"href":"https:\/\/www.etbloom.fr\/index.php?rest_route=%2Fwp%2Fv2%2Fcomments&post=7543"}],"version-history":[{"count":8,"href":"https:\/\/www.etbloom.fr\/index.php?rest_route=\/wp\/v2\/posts\/7543\/revisions"}],"predecessor-version":[{"id":7563,"href":"https:\/\/www.etbloom.fr\/index.php?rest_route=\/wp\/v2\/posts\/7543\/revisions\/7563"}],"wp:featuredmedia":[{"embeddable":true,"href":"https:\/\/www.etbloom.fr\/index.php?rest_route=\/wp\/v2\/media\/7549"}],"wp:attachment":[{"href":"https:\/\/www.etbloom.fr\/index.php?rest_route=%2Fwp%2Fv2%2Fmedia&parent=7543"}],"wp:term":[{"taxonomy":"category","embeddable":true,"href":"https:\/\/www.etbloom.fr\/index.php?rest_route=%2Fwp%2Fv2%2Fcategories&post=7543"},{"taxonomy":"post_tag","embeddable":true,"href":"https:\/\/www.etbloom.fr\/index.php?rest_route=%2Fwp%2Fv2%2Ftags&post=7543"}],"curies":[{"name":"wp","href":"https:\/\/api.w.org\/{rel}","templated":true}]}}