{"id":6503,"date":"2021-10-15T08:00:29","date_gmt":"2021-10-15T06:00:29","guid":{"rendered":"https:\/\/www.etbloom.fr\/?p=6503"},"modified":"2022-01-13T10:53:19","modified_gmt":"2022-01-13T09:53:19","slug":"article-4","status":"publish","type":"post","link":"https:\/\/www.etbloom.fr\/?p=6503","title":{"rendered":"Je suis St\u00e9phanie Lieng et je fais du coaching holistique"},"content":{"rendered":"\t\t<div data-elementor-type=\"wp-post\" data-elementor-id=\"6503\" class=\"elementor elementor-6503\">\n\t\t\t\t\t\t<section class=\"elementor-section elementor-top-section elementor-element elementor-element-16d8e9f0 elementor-section-boxed elementor-section-height-default elementor-section-height-default\" data-id=\"16d8e9f0\" data-element_type=\"section\" data-e-type=\"section\">\n\t\t\t\t\t\t<div class=\"elementor-container elementor-column-gap-default\">\n\t\t\t\t\t<div class=\"elementor-column elementor-col-100 elementor-top-column elementor-element elementor-element-2256d9e7\" data-id=\"2256d9e7\" data-element_type=\"column\" data-e-type=\"column\">\n\t\t\t<div class=\"elementor-widget-wrap elementor-element-populated\">\n\t\t\t\t\t\t<div class=\"elementor-element elementor-element-7f65d5c5 elementor-widget elementor-widget-text-editor\" data-id=\"7f65d5c5\" data-element_type=\"widget\" data-e-type=\"widget\" data-widget_type=\"text-editor.default\">\n\t\t\t\t<div class=\"elementor-widget-container\">\n\t\t\t\t\t\t\t\t\t<p>&#8211; Qui es-tu\u00a0? Peux-tu te pr\u00e9senter en quelques mots\u00a0?<\/p><p>&#8211; Je m\u2019appelle St\u00e9phanie, je suis acheteuse dans le textile.<\/p><p>Voici la r\u00e9ponse que j\u2019aurais donn\u00e9 il y a encore quelques ann\u00e9es, et la r\u00e9ponse que donneront la plupart des personnes \u00e0 qui vous poserez cette question. Encore faut-il que ces personnes s\u2019appellent St\u00e9phanie et qu\u2019elles soient acheteuse dans le textile.<\/p><p>Mais cette r\u00e9ponse ne choque pas. Je suis une fonction, je suis un statut social, je suis un salaire.<\/p><p>J\u2019\u00e9tais \u00e7a, et c\u2019\u00e9tait creux. Je me sentais vide. \u00c7a ne suffisait pas. Je n\u2019avais aucune envie de parler de \u00ab\u00a0qui j\u2019\u00e9tais\u00a0\u00bb, ce n\u2019\u00e9tait pas int\u00e9ressant \u00e0 mes yeux. Je passais beaucoup plus de temps \u00e0 me plaindre qu\u2019\u00e0 faire des \u00e9loges sur la mani\u00e8re dont je vivais ces 8h par jour.<\/p><p>J\u2019ai alors chang\u00e9 de voie professionnelle et suis devenue th\u00e9rapeute bien-\u00eatre, un m\u00e9tier centr\u00e9 sur l\u2019humain car mon poste pr\u00e9c\u00e9dent m\u2019en avait \u00e9loign\u00e9. Je me suis lanc\u00e9e timidement. Quelque chose me manquait. Une \u00e9tincelle. Une conviction.<\/p><p>Et au hasard des rencontres, j\u2019ai eu la chance d\u2019entrer dans le monde du coaching, et de ne plus \u00eatre une fonction.<\/p><p>Le courage de se montrer vuln\u00e9rable, de faire confiance et de se faire confiance, se regarder avec douceur, s\u2019explorer, se connaitre.<\/p><p>La formation de coaching est plus qu\u2019une exp\u00e9rience humaine, riche, profonde. Elle a \u00e9t\u00e9 pour moi transformatrice. R\u00e9v\u00e9latrice.<\/p><p>\u00a0<\/p><p>Bulle est devenue Rebelle.<\/p><p>Le c\u0153ur en pointill\u00e9 est devenu un c\u0153ur plein, dense, vibrant.<\/p><p>\u00a0<\/p><p>Depuis, \u00ab\u00a0Je suis Thierry Lesage\u00a0et je fais du coaching\u00a0\u00bb.<\/p><p>Ceux qui savent, savent.<\/p>\t\t\t\t\t\t\t\t<\/div>\n\t\t\t\t<\/div>\n\t\t\t\t\t<\/div>\n\t\t<\/div>\n\t\t\t\t\t<\/div>\n\t\t<\/section>\n\t\t\t\t<\/div>\n\t\t","protected":false},"excerpt":{"rendered":"<p>&#8211; Qui es-tu\u00a0? Peux-tu te pr\u00e9senter en quelques mots\u00a0? &#8211; Je m\u2019appelle St\u00e9phanie, je suis acheteuse dans le textile. Voici la r\u00e9ponse que j\u2019aurais donn\u00e9 il y a encore quelques ann\u00e9es, et la r\u00e9ponse que donneront la plupart des personnes \u00e0 qui vous poserez cette question. Encore faut-il que ces personnes s\u2019appellent St\u00e9phanie et qu\u2019elles &hellip;<\/p>\n<p class=\"read-more\"> <a class=\"\" href=\"https:\/\/www.etbloom.fr\/?p=6503\"> <span class=\"screen-reader-text\">Je suis St\u00e9phanie Lieng et je fais du coaching holistique<\/span> Lire la suite\u00a0\u00bb<\/a><\/p>\n","protected":false},"author":1,"featured_media":6504,"comment_status":"open","ping_status":"open","sticky":false,"template":"elementor_theme","format":"standard","meta":{"footnotes":""},"categories":[14],"tags":[19,17,20,16],"class_list":["post-6503","post","type-post","status-publish","format-standard","has-post-thumbnail","hentry","category-evolution","tag-connaissance-de-soi","tag-evolution","tag-identite","tag-life-coaching"],"_links":{"self":[{"href":"https:\/\/www.etbloom.fr\/index.php?rest_route=\/wp\/v2\/posts\/6503","targetHints":{"allow":["GET"]}}],"collection":[{"href":"https:\/\/www.etbloom.fr\/index.php?rest_route=\/wp\/v2\/posts"}],"about":[{"href":"https:\/\/www.etbloom.fr\/index.php?rest_route=\/wp\/v2\/types\/post"}],"author":[{"embeddable":true,"href":"https:\/\/www.etbloom.fr\/index.php?rest_route=\/wp\/v2\/users\/1"}],"replies":[{"embeddable":true,"href":"https:\/\/www.etbloom.fr\/index.php?rest_route=%2Fwp%2Fv2%2Fcomments&post=6503"}],"version-history":[{"count":16,"href":"https:\/\/www.etbloom.fr\/index.php?rest_route=\/wp\/v2\/posts\/6503\/revisions"}],"predecessor-version":[{"id":8010,"href":"https:\/\/www.etbloom.fr\/index.php?rest_route=\/wp\/v2\/posts\/6503\/revisions\/8010"}],"wp:featuredmedia":[{"embeddable":true,"href":"https:\/\/www.etbloom.fr\/index.php?rest_route=\/wp\/v2\/media\/6504"}],"wp:attachment":[{"href":"https:\/\/www.etbloom.fr\/index.php?rest_route=%2Fwp%2Fv2%2Fmedia&parent=6503"}],"wp:term":[{"taxonomy":"category","embeddable":true,"href":"https:\/\/www.etbloom.fr\/index.php?rest_route=%2Fwp%2Fv2%2Fcategories&post=6503"},{"taxonomy":"post_tag","embeddable":true,"href":"https:\/\/www.etbloom.fr\/index.php?rest_route=%2Fwp%2Fv2%2Ftags&post=6503"}],"curies":[{"name":"wp","href":"https:\/\/api.w.org\/{rel}","templated":true}]}}