{"id":14868,"date":"2023-03-08T13:07:25","date_gmt":"2023-03-08T12:07:25","guid":{"rendered":"https:\/\/www.etbloom.fr\/?p=14868"},"modified":"2023-03-08T13:09:16","modified_gmt":"2023-03-08T12:09:16","slug":"article-12","status":"publish","type":"post","link":"https:\/\/www.etbloom.fr\/?p=14868","title":{"rendered":"en qu\u00eate d&rsquo;harmonie"},"content":{"rendered":"\t\t<div data-elementor-type=\"wp-post\" data-elementor-id=\"14868\" class=\"elementor elementor-14868\">\n\t\t\t\t\t\t<section class=\"elementor-section elementor-top-section elementor-element elementor-element-16d8e9f0 elementor-section-boxed elementor-section-height-default elementor-section-height-default\" data-id=\"16d8e9f0\" data-element_type=\"section\" data-e-type=\"section\">\n\t\t\t\t\t\t<div class=\"elementor-container elementor-column-gap-default\">\n\t\t\t\t\t<div class=\"elementor-column elementor-col-100 elementor-top-column elementor-element elementor-element-2256d9e7\" data-id=\"2256d9e7\" data-element_type=\"column\" data-e-type=\"column\">\n\t\t\t<div class=\"elementor-widget-wrap elementor-element-populated\">\n\t\t\t\t\t\t<div class=\"elementor-element elementor-element-7f65d5c5 elementor-widget elementor-widget-text-editor\" data-id=\"7f65d5c5\" data-element_type=\"widget\" data-e-type=\"widget\" data-widget_type=\"text-editor.default\">\n\t\t\t\t<div class=\"elementor-widget-container\">\n\t\t\t\t\t\t\t\t\t<p style=\"font-weight: 400;\">Je tournais autour depuis plusieurs mois. Voire des ann\u00e9es.<\/p><p style=\"font-weight: 400;\">La transmission g\u00e9n\u00e9rationnelle, les traditions, l\u2019\u00e9volution de mon syst\u00e8me de valeurs et ma mission de vie.<\/p><p style=\"font-weight: 400;\">Le paradoxe de l\u2019identit\u00e9, qui je suis et qui je devrais \u00eatre. Ou plut\u00f4t, la culpabilit\u00e9 et le sentiment de \u00ab\u00a0trahison\u00a0\u00bb, de rupture avec les valeurs qui m\u2019ont fait grandir. Je me suis fait accompagn\u00e9e, par des psy, des coach\u2026<\/p><p style=\"font-weight: 400;\">\u00c7a m\u2019a permis d\u2019avancer, de m\u2019affranchir de certains points, mais il me manquait quelque chose. Ce truc \u00e9tait l\u00e0, embrumait mon chemin, et j\u2019avan\u00e7ais \u00e0 t\u00e2tons. Je n\u2019arrivais pas \u00e0 mettre le doigt dessus, lui donner un nom pour qu\u2019il puisse disparaitre.<\/p><p style=\"font-weight: 400;\">Puis on m\u2019a envoy\u00e9 un article paru dans <a href=\"https:\/\/www.lemonde.fr\/m-perso\/article\/2023\/02\/23\/la-charge-mentale-des-enfants-d-immigres-a-8-ans-ma-mere-me-disait-que-je-devais-savoir-remplir-les-cheques_6163063_4497916.html\">@lemonde<\/a> concernant la charge mentale des enfants d\u2019immigr\u00e9s.<\/p><p style=\"font-weight: 400;\">La charge mentale, encore.<\/p><p style=\"font-weight: 400;\">Ce poids sourd, ambiant, qui accompagne chaque prise de d\u00e9cision. Parce que le sens du devoir est un 6<sup>\u00e8me<\/sup> sens qui s\u2019est d\u00e9velopp\u00e9 au d\u00e9triment de la maturit\u00e9 \u00e9motionnelle.<\/p><p style=\"font-weight: 400;\">Et lorsque j\u2019ai \u00e9t\u00e9 confront\u00e9 \u00e0 l\u2019opportunit\u00e9 de d\u00e9cider d\u2019une trajectoire de vie, de MA vie, je me suis sentie impuissante. Incapable d\u2019avoir \u2013 d\u2019entendre\u00a0? &#8211; une voix int\u00e9rieure pour me guider. Je ne l\u2019avais pas observ\u00e9, ni imit\u00e9, ni appris. Je ne l\u2019avais pas \u00e9tudi\u00e9, je n\u2019avais pas de process, je ne savais pas faire.<\/p><p style=\"font-weight: 400;\">Ce qui n\u2019a pas aid\u00e9, c\u2019est l\u2019incompr\u00e9hension de ceux qui veulent aider.<\/p><p style=\"font-weight: 400;\">\u00ab\u00a0Au fond de toi, tu veux quoi\u00a0? Tu aimes\u00a0? \u00c7a t\u2019apporte de la joie\u00a0? C\u2019est simple, si \u00e7a te plait, fais-le\u00a0! \u00bb<\/p><p style=\"font-weight: 400;\">\u00ab\u00a0Si \u00e7a me plait, si \u00e7a me procure de la joie\u2026 \u00c7a va, je suis plut\u00f4t neutre, tout me va\u2026 \u00bb<\/p><p style=\"font-weight: 400;\">Je comprends que le sens du devoir l\u2019emporte sur son propre ressenti \u00e9motionnel, et qu\u2019en les \u00e9touffant, ces \u00e9motions non-identifi\u00e9es ressurgissent un peu n\u2019importe comment, d\u2019une mani\u00e8re dysfonctionnelle. La culpabilit\u00e9 \u00e0 la place de la col\u00e8re. Ou une col\u00e8re disproportionnelle qui d\u00e9borde \u00e0 chaque frustration.<\/p><p style=\"font-weight: 400;\">Comme un enfant qui pleure de col\u00e8re parce que ce n\u2019est pas maman qui lui a pr\u00e9par\u00e9 son biberon, mais papa\u2026 Arr\u00eate de pleurer, tu as ton biberon\u00a0! Tu n\u2019as pas faim\u00a0? Tu as besoin de te nourrir\u00a0? Ou plut\u00f4t, le besoin d\u2019avoir l\u2019attention de maman\u00a0?&#8230;<\/p><p style=\"font-weight: 400;\">D\u2019o\u00f9 ma fascination pour Vice Versa, et mon obsession de rendre compr\u00e9hensible, accessible, d\u00e9chiffrable le monde des \u00e9motions.<\/p><p style=\"font-weight: 400;\">Je rencontre lors de mes accompagnements des adultes dont la m\u00e9connaissance de leurs \u00e9motions impacte leur vie personnelle, mais aussi professionnelle. Que ce soit un mal \u00eatre au travail, sans comprendre s\u2019il s\u2019agit d\u2019une qu\u00eate de sens, ou d\u2019un environnement de travail incompatible. Ou d\u2019un choix de vie d\u00e9fini par le besoin de s\u00e9curit\u00e9 financi\u00e8re vs une r\u00e9alisation cr\u00e9ative. Ou encore d\u2019avoir un enfant, ou deux, pour le sens du devoir vs son envie r\u00e9el. Paradoxe toujours.<\/p><p>\u00a0<\/p><p style=\"font-weight: 400;\">\u00c0 ces adultes, je vous accompagne \u00e0 grandir \u00e9motionnellement, \u00e0 apprendre \u00e0 exprimer vos \u00e9motions d\u2019enfant, \u00e0 r\u00e9clamer \u00e0 voix haute votre besoin de protection, de soutien et d\u2019amour. Je veux vous offrir un safe place pour accompagner vos vuln\u00e9rabilit\u00e9s et vos lib\u00e9rations. Mettre le doigt sur ce qui vous emp\u00eache de vous r\u00e9aliser et trouver l\u2019\u00e9quilibre pour mener une vie harmonieuse.<\/p><p style=\"font-weight: 400;\">\u00a0<\/p><p style=\"font-weight: 400;\">#chargementale #enfantsdimmigres #parentalisation #harmonie #coaching #loyaut\u00e9 #defidelexile #transculturel #sensdudevoir #besoinderealisation<\/p>\t\t\t\t\t\t\t\t<\/div>\n\t\t\t\t<\/div>\n\t\t\t\t\t<\/div>\n\t\t<\/div>\n\t\t\t\t\t<\/div>\n\t\t<\/section>\n\t\t\t\t<\/div>\n\t\t","protected":false},"excerpt":{"rendered":"<p>Je tournais autour depuis plusieurs mois. Voire des ann\u00e9es. La transmission g\u00e9n\u00e9rationnelle, les traditions, l\u2019\u00e9volution de mon syst\u00e8me de valeurs et ma mission de vie. Le paradoxe de l\u2019identit\u00e9, qui je suis et qui je devrais \u00eatre. Ou plut\u00f4t, la culpabilit\u00e9 et le sentiment de \u00ab\u00a0trahison\u00a0\u00bb, de rupture avec les valeurs qui m\u2019ont fait grandir. &hellip;<\/p>\n<p class=\"read-more\"> <a class=\"\" href=\"https:\/\/www.etbloom.fr\/?p=14868\"> <span class=\"screen-reader-text\">en qu\u00eate d&rsquo;harmonie<\/span> Lire la suite\u00a0\u00bb<\/a><\/p>\n","protected":false},"author":1,"featured_media":14869,"comment_status":"open","ping_status":"open","sticky":false,"template":"elementor_theme","format":"standard","meta":{"footnotes":""},"categories":[1],"tags":[22],"class_list":["post-14868","post","type-post","status-publish","format-standard","has-post-thumbnail","hentry","category-non-classe","tag-emotions"],"_links":{"self":[{"href":"https:\/\/www.etbloom.fr\/index.php?rest_route=\/wp\/v2\/posts\/14868","targetHints":{"allow":["GET"]}}],"collection":[{"href":"https:\/\/www.etbloom.fr\/index.php?rest_route=\/wp\/v2\/posts"}],"about":[{"href":"https:\/\/www.etbloom.fr\/index.php?rest_route=\/wp\/v2\/types\/post"}],"author":[{"embeddable":true,"href":"https:\/\/www.etbloom.fr\/index.php?rest_route=\/wp\/v2\/users\/1"}],"replies":[{"embeddable":true,"href":"https:\/\/www.etbloom.fr\/index.php?rest_route=%2Fwp%2Fv2%2Fcomments&post=14868"}],"version-history":[{"count":4,"href":"https:\/\/www.etbloom.fr\/index.php?rest_route=\/wp\/v2\/posts\/14868\/revisions"}],"predecessor-version":[{"id":14874,"href":"https:\/\/www.etbloom.fr\/index.php?rest_route=\/wp\/v2\/posts\/14868\/revisions\/14874"}],"wp:featuredmedia":[{"embeddable":true,"href":"https:\/\/www.etbloom.fr\/index.php?rest_route=\/wp\/v2\/media\/14869"}],"wp:attachment":[{"href":"https:\/\/www.etbloom.fr\/index.php?rest_route=%2Fwp%2Fv2%2Fmedia&parent=14868"}],"wp:term":[{"taxonomy":"category","embeddable":true,"href":"https:\/\/www.etbloom.fr\/index.php?rest_route=%2Fwp%2Fv2%2Fcategories&post=14868"},{"taxonomy":"post_tag","embeddable":true,"href":"https:\/\/www.etbloom.fr\/index.php?rest_route=%2Fwp%2Fv2%2Ftags&post=14868"}],"curies":[{"name":"wp","href":"https:\/\/api.w.org\/{rel}","templated":true}]}}